{"id":2886,"date":"2019-02-12T10:55:37","date_gmt":"2019-02-12T12:55:37","guid":{"rendered":"https:\/\/taaqui.org\/?p=2886"},"modified":"2019-02-12T10:55:37","modified_gmt":"2019-02-12T12:55:37","slug":"vinhetas-do-dia-mundial-do-radio","status":"publish","type":"post","link":"https:\/\/taaqui.org\/blog\/vinhetas-do-dia-mundial-do-radio\/","title":{"rendered":"Vinhetas do Dia Mundial do R\u00e1dio &#8211; Gr\u00e1tis"},"content":{"rendered":"\n<p>Todo dia 13 de Fevereiro \u00e9 comemorado o Dia Mundial do R\u00e1dio, homenageando a primeira transmiss\u00e3o de um programa (R\u00e1dios das Na\u00e7\u00f5es Unidas), que ocorreu em 1946 e foi oficializado em 2011 pela UNESCO (Organiza\u00e7\u00e3o das Na\u00e7\u00f5es Unidas para a Educa\u00e7\u00e3o, Ci\u00eancia e Cultura).<br \/><br \/>Baixe agora 5 Spots que fizemos especialmente para este dia e al\u00e9m de um brinde, um jingle sobre o dia mundial do r\u00e1dio! \ud83d\ude42<\/p>\n\n\n\n<p>Fa\u00e7a o Download preenchendo seu e-mail abaixo:<\/p>\n\n\n\n<blockquote class=\"wp-block-quote is-layout-flow wp-block-quote-is-layout-flow\">\n<p>[sibwp_form id=3]<\/p>\n<\/blockquote>\n","protected":false},"excerpt":{"rendered":"<p>Todo dia 13 de Fevereiro \u00e9 comemorado o Dia Mundial do R\u00e1dio, homenageando a primeira transmiss\u00e3o de um programa (R\u00e1dios [&hellip;]<\/p>\n","protected":false},"author":2,"featured_media":2887,"comment_status":"open","ping_status":"open","sticky":false,"template":"","format":"standard","meta":{"footnotes":"","_rishi_post_view_count":1584,"multiple_authors":[],"quick_summary":"","sticky_promo_single":[]},"categories":[354],"tags":[379,380,381],"class_list":["post-2886","post","type-post","status-publish","format-standard","has-post-thumbnail","hentry","category-materiais-gratuitos","tag-jingle-dia-mundial-do-radio","tag-spot-gratis","tag-vinhetas-do-dia-mundial-do-radio","rishi-post"],"rishi__cb_customizer_meta":"","comments_count":"2","yoast_head":"<!-- This site is optimized with the Yoast SEO plugin v27.5 - https:\/\/yoast.com\/product\/yoast-seo-wordpress\/ -->\n<title>Vinhetas do Dia Mundial do R\u00e1dio - Gr\u00e1tis<\/title>\n<meta name=\"description\" content=\"13 de Fevereiro \u00e9 comemorado o Dia Mundial do R\u00e1dio, homenageando a primeira transmiss\u00e3o de um programa, em 1946 e foi oficializado em 2011 pela UNESCO.\" \/>\n<meta name=\"robots\" content=\"index, follow, max-snippet:-1, max-image-preview:large, max-video-preview:-1\" \/>\n<link rel=\"canonical\" href=\"https:\/\/taaqui.org\/blog\/vinhetas-do-dia-mundial-do-radio\/\" \/>\n<meta property=\"og:locale\" content=\"pt_BR\" \/>\n<meta property=\"og:type\" content=\"article\" \/>\n<meta property=\"og:title\" content=\"Vinhetas do Dia Mundial do R\u00e1dio - Gr\u00e1tis\" \/>\n<meta property=\"og:description\" content=\"13 de Fevereiro \u00e9 comemorado o Dia Mundial do R\u00e1dio, homenageando a primeira transmiss\u00e3o de um programa, em 1946 e foi oficializado em 2011 pela UNESCO.\" \/>\n<meta property=\"og:url\" content=\"https:\/\/taaqui.org\/blog\/vinhetas-do-dia-mundial-do-radio\/\" \/>\n<meta property=\"og:site_name\" content=\"Blog Taaqui\" \/>\n<meta property=\"article:published_time\" content=\"2019-02-12T12:55:37+00:00\" \/>\n<meta property=\"og:image\" content=\"https:\/\/taaqui.org\/blog\/wp-content\/uploads\/2019\/02\/dia-mundial-do-radio.png\" \/>\n\t<meta property=\"og:image:width\" content=\"600\" \/>\n\t<meta property=\"og:image:height\" content=\"360\" \/>\n\t<meta property=\"og:image:type\" content=\"image\/png\" \/>\n<meta name=\"author\" content=\"taaquior\" \/>\n<meta name=\"twitter:card\" content=\"summary_large_image\" \/>\n<meta name=\"twitter:label1\" content=\"Escrito por\" \/>\n\t<meta name=\"twitter:data1\" content=\"taaquior\" \/>\n<script type=\"application\/ld+json\" class=\"yoast-schema-graph\">{\"@context\":\"https:\\\/\\\/schema.org\",\"@graph\":[{\"@type\":\"Article\",\"@id\":\"https:\\\/\\\/taaqui.org\\\/blog\\\/vinhetas-do-dia-mundial-do-radio\\\/#article\",\"isPartOf\":{\"@id\":\"https:\\\/\\\/taaqui.org\\\/blog\\\/vinhetas-do-dia-mundial-do-radio\\\/\"},\"author\":{\"name\":\"taaquior\",\"@id\":\"https:\\\/\\\/taaqui.org\\\/blog\\\/#\\\/schema\\\/person\\\/3f256b171305da2f8c5e5b91e70bc0d3\"},\"headline\":\"Vinhetas do Dia Mundial do R\u00e1dio &#8211; Gr\u00e1tis\",\"datePublished\":\"2019-02-12T12:55:37+00:00\",\"mainEntityOfPage\":{\"@id\":\"https:\\\/\\\/taaqui.org\\\/blog\\\/vinhetas-do-dia-mundial-do-radio\\\/\"},\"wordCount\":93,\"commentCount\":2,\"publisher\":{\"@id\":\"https:\\\/\\\/taaqui.org\\\/blog\\\/#organization\"},\"image\":{\"@id\":\"https:\\\/\\\/taaqui.org\\\/blog\\\/vinhetas-do-dia-mundial-do-radio\\\/#primaryimage\"},\"thumbnailUrl\":\"https:\\\/\\\/taaqui.org\\\/blog\\\/wp-content\\\/uploads\\\/2019\\\/02\\\/dia-mundial-do-radio.png\",\"keywords\":[\"jingle dia mundial do r\u00e1dio\",\"spot gr\u00e1tis\",\"vinhetas do dia mundial do r\u00e1dio\"],\"articleSection\":[\"Materiais Gratuitos\"],\"inLanguage\":\"pt-BR\",\"potentialAction\":[{\"@type\":\"CommentAction\",\"name\":\"Comment\",\"target\":[\"https:\\\/\\\/taaqui.org\\\/blog\\\/vinhetas-do-dia-mundial-do-radio\\\/#respond\"]}]},{\"@type\":\"WebPage\",\"@id\":\"https:\\\/\\\/taaqui.org\\\/blog\\\/vinhetas-do-dia-mundial-do-radio\\\/\",\"url\":\"https:\\\/\\\/taaqui.org\\\/blog\\\/vinhetas-do-dia-mundial-do-radio\\\/\",\"name\":\"Vinhetas do Dia Mundial do R\u00e1dio - Gr\u00e1tis\",\"isPartOf\":{\"@id\":\"https:\\\/\\\/taaqui.org\\\/blog\\\/#website\"},\"primaryImageOfPage\":{\"@id\":\"https:\\\/\\\/taaqui.org\\\/blog\\\/vinhetas-do-dia-mundial-do-radio\\\/#primaryimage\"},\"image\":{\"@id\":\"https:\\\/\\\/taaqui.org\\\/blog\\\/vinhetas-do-dia-mundial-do-radio\\\/#primaryimage\"},\"thumbnailUrl\":\"https:\\\/\\\/taaqui.org\\\/blog\\\/wp-content\\\/uploads\\\/2019\\\/02\\\/dia-mundial-do-radio.png\",\"datePublished\":\"2019-02-12T12:55:37+00:00\",\"description\":\"13 de Fevereiro \u00e9 comemorado o Dia Mundial do R\u00e1dio, homenageando a primeira transmiss\u00e3o de um programa, em 1946 e foi oficializado em 2011 pela UNESCO.\",\"breadcrumb\":{\"@id\":\"https:\\\/\\\/taaqui.org\\\/blog\\\/vinhetas-do-dia-mundial-do-radio\\\/#breadcrumb\"},\"inLanguage\":\"pt-BR\",\"potentialAction\":[{\"@type\":\"ReadAction\",\"target\":[\"https:\\\/\\\/taaqui.org\\\/blog\\\/vinhetas-do-dia-mundial-do-radio\\\/\"]}]},{\"@type\":\"ImageObject\",\"inLanguage\":\"pt-BR\",\"@id\":\"https:\\\/\\\/taaqui.org\\\/blog\\\/vinhetas-do-dia-mundial-do-radio\\\/#primaryimage\",\"url\":\"https:\\\/\\\/taaqui.org\\\/blog\\\/wp-content\\\/uploads\\\/2019\\\/02\\\/dia-mundial-do-radio.png\",\"contentUrl\":\"https:\\\/\\\/taaqui.org\\\/blog\\\/wp-content\\\/uploads\\\/2019\\\/02\\\/dia-mundial-do-radio.png\",\"width\":600,\"height\":360},{\"@type\":\"BreadcrumbList\",\"@id\":\"https:\\\/\\\/taaqui.org\\\/blog\\\/vinhetas-do-dia-mundial-do-radio\\\/#breadcrumb\",\"itemListElement\":[{\"@type\":\"ListItem\",\"position\":1,\"name\":\"In\u00edcio\",\"item\":\"https:\\\/\\\/taaqui.org\\\/blog\\\/\"},{\"@type\":\"ListItem\",\"position\":2,\"name\":\"Vinhetas do Dia Mundial do R\u00e1dio &#8211; Gr\u00e1tis\"}]},{\"@type\":\"WebSite\",\"@id\":\"https:\\\/\\\/taaqui.org\\\/blog\\\/#website\",\"url\":\"https:\\\/\\\/taaqui.org\\\/blog\\\/\",\"name\":\"Blog Taaqui\",\"description\":\"Aprenda como criar sua webr\u00e1dio completa\",\"publisher\":{\"@id\":\"https:\\\/\\\/taaqui.org\\\/blog\\\/#organization\"},\"potentialAction\":[{\"@type\":\"SearchAction\",\"target\":{\"@type\":\"EntryPoint\",\"urlTemplate\":\"https:\\\/\\\/taaqui.org\\\/blog\\\/?s={search_term_string}\"},\"query-input\":{\"@type\":\"PropertyValueSpecification\",\"valueRequired\":true,\"valueName\":\"search_term_string\"}}],\"inLanguage\":\"pt-BR\"},{\"@type\":\"Organization\",\"@id\":\"https:\\\/\\\/taaqui.org\\\/blog\\\/#organization\",\"name\":\"Blog Taaqui\",\"url\":\"https:\\\/\\\/taaqui.org\\\/blog\\\/\",\"logo\":{\"@type\":\"ImageObject\",\"inLanguage\":\"pt-BR\",\"@id\":\"https:\\\/\\\/taaqui.org\\\/blog\\\/#\\\/schema\\\/logo\\\/image\\\/\",\"url\":\"https:\\\/\\\/taaqui.org\\\/blog\\\/wp-content\\\/uploads\\\/2022\\\/10\\\/taaqui.svg\",\"contentUrl\":\"https:\\\/\\\/taaqui.org\\\/blog\\\/wp-content\\\/uploads\\\/2022\\\/10\\\/taaqui.svg\",\"width\":1122,\"height\":288,\"caption\":\"Blog Taaqui\"},\"image\":{\"@id\":\"https:\\\/\\\/taaqui.org\\\/blog\\\/#\\\/schema\\\/logo\\\/image\\\/\"}},{\"@type\":\"Person\",\"@id\":\"https:\\\/\\\/taaqui.org\\\/blog\\\/#\\\/schema\\\/person\\\/3f256b171305da2f8c5e5b91e70bc0d3\",\"name\":\"taaquior\",\"image\":{\"@type\":\"ImageObject\",\"inLanguage\":\"pt-BR\",\"@id\":\"https:\\\/\\\/secure.gravatar.com\\\/avatar\\\/?s=96&d=mm&r=g\",\"url\":\"https:\\\/\\\/secure.gravatar.com\\\/avatar\\\/?s=96&d=mm&r=g\",\"contentUrl\":\"https:\\\/\\\/secure.gravatar.com\\\/avatar\\\/?s=96&d=mm&r=g\",\"caption\":\"taaquior\"},\"url\":\"https:\\\/\\\/taaqui.org\\\/blog\\\/author\\\/taaquior\\\/\"}]}<\/script>\n<!-- \/ Yoast SEO plugin. -->","yoast_head_json":{"title":"Vinhetas do Dia Mundial do R\u00e1dio - Gr\u00e1tis","description":"13 de Fevereiro \u00e9 comemorado o Dia Mundial do R\u00e1dio, homenageando a primeira transmiss\u00e3o de um programa, em 1946 e foi oficializado em 2011 pela UNESCO.","robots":{"index":"index","follow":"follow","max-snippet":"max-snippet:-1","max-image-preview":"max-image-preview:large","max-video-preview":"max-video-preview:-1"},"canonical":"https:\/\/taaqui.org\/blog\/vinhetas-do-dia-mundial-do-radio\/","og_locale":"pt_BR","og_type":"article","og_title":"Vinhetas do Dia Mundial do R\u00e1dio - Gr\u00e1tis","og_description":"13 de Fevereiro \u00e9 comemorado o Dia Mundial do R\u00e1dio, homenageando a primeira transmiss\u00e3o de um programa, em 1946 e foi oficializado em 2011 pela UNESCO.","og_url":"https:\/\/taaqui.org\/blog\/vinhetas-do-dia-mundial-do-radio\/","og_site_name":"Blog Taaqui","article_published_time":"2019-02-12T12:55:37+00:00","og_image":[{"width":600,"height":360,"url":"https:\/\/taaqui.org\/blog\/wp-content\/uploads\/2019\/02\/dia-mundial-do-radio.png","type":"image\/png"}],"author":"taaquior","twitter_card":"summary_large_image","twitter_misc":{"Escrito por":"taaquior"},"schema":{"@context":"https:\/\/schema.org","@graph":[{"@type":"Article","@id":"https:\/\/taaqui.org\/blog\/vinhetas-do-dia-mundial-do-radio\/#article","isPartOf":{"@id":"https:\/\/taaqui.org\/blog\/vinhetas-do-dia-mundial-do-radio\/"},"author":{"name":"taaquior","@id":"https:\/\/taaqui.org\/blog\/#\/schema\/person\/3f256b171305da2f8c5e5b91e70bc0d3"},"headline":"Vinhetas do Dia Mundial do R\u00e1dio &#8211; Gr\u00e1tis","datePublished":"2019-02-12T12:55:37+00:00","mainEntityOfPage":{"@id":"https:\/\/taaqui.org\/blog\/vinhetas-do-dia-mundial-do-radio\/"},"wordCount":93,"commentCount":2,"publisher":{"@id":"https:\/\/taaqui.org\/blog\/#organization"},"image":{"@id":"https:\/\/taaqui.org\/blog\/vinhetas-do-dia-mundial-do-radio\/#primaryimage"},"thumbnailUrl":"https:\/\/taaqui.org\/blog\/wp-content\/uploads\/2019\/02\/dia-mundial-do-radio.png","keywords":["jingle dia mundial do r\u00e1dio","spot gr\u00e1tis","vinhetas do dia mundial do r\u00e1dio"],"articleSection":["Materiais Gratuitos"],"inLanguage":"pt-BR","potentialAction":[{"@type":"CommentAction","name":"Comment","target":["https:\/\/taaqui.org\/blog\/vinhetas-do-dia-mundial-do-radio\/#respond"]}]},{"@type":"WebPage","@id":"https:\/\/taaqui.org\/blog\/vinhetas-do-dia-mundial-do-radio\/","url":"https:\/\/taaqui.org\/blog\/vinhetas-do-dia-mundial-do-radio\/","name":"Vinhetas do Dia Mundial do R\u00e1dio - Gr\u00e1tis","isPartOf":{"@id":"https:\/\/taaqui.org\/blog\/#website"},"primaryImageOfPage":{"@id":"https:\/\/taaqui.org\/blog\/vinhetas-do-dia-mundial-do-radio\/#primaryimage"},"image":{"@id":"https:\/\/taaqui.org\/blog\/vinhetas-do-dia-mundial-do-radio\/#primaryimage"},"thumbnailUrl":"https:\/\/taaqui.org\/blog\/wp-content\/uploads\/2019\/02\/dia-mundial-do-radio.png","datePublished":"2019-02-12T12:55:37+00:00","description":"13 de Fevereiro \u00e9 comemorado o Dia Mundial do R\u00e1dio, homenageando a primeira transmiss\u00e3o de um programa, em 1946 e foi oficializado em 2011 pela UNESCO.","breadcrumb":{"@id":"https:\/\/taaqui.org\/blog\/vinhetas-do-dia-mundial-do-radio\/#breadcrumb"},"inLanguage":"pt-BR","potentialAction":[{"@type":"ReadAction","target":["https:\/\/taaqui.org\/blog\/vinhetas-do-dia-mundial-do-radio\/"]}]},{"@type":"ImageObject","inLanguage":"pt-BR","@id":"https:\/\/taaqui.org\/blog\/vinhetas-do-dia-mundial-do-radio\/#primaryimage","url":"https:\/\/taaqui.org\/blog\/wp-content\/uploads\/2019\/02\/dia-mundial-do-radio.png","contentUrl":"https:\/\/taaqui.org\/blog\/wp-content\/uploads\/2019\/02\/dia-mundial-do-radio.png","width":600,"height":360},{"@type":"BreadcrumbList","@id":"https:\/\/taaqui.org\/blog\/vinhetas-do-dia-mundial-do-radio\/#breadcrumb","itemListElement":[{"@type":"ListItem","position":1,"name":"In\u00edcio","item":"https:\/\/taaqui.org\/blog\/"},{"@type":"ListItem","position":2,"name":"Vinhetas do Dia Mundial do R\u00e1dio &#8211; Gr\u00e1tis"}]},{"@type":"WebSite","@id":"https:\/\/taaqui.org\/blog\/#website","url":"https:\/\/taaqui.org\/blog\/","name":"Blog Taaqui","description":"Aprenda como criar sua webr\u00e1dio completa","publisher":{"@id":"https:\/\/taaqui.org\/blog\/#organization"},"potentialAction":[{"@type":"SearchAction","target":{"@type":"EntryPoint","urlTemplate":"https:\/\/taaqui.org\/blog\/?s={search_term_string}"},"query-input":{"@type":"PropertyValueSpecification","valueRequired":true,"valueName":"search_term_string"}}],"inLanguage":"pt-BR"},{"@type":"Organization","@id":"https:\/\/taaqui.org\/blog\/#organization","name":"Blog Taaqui","url":"https:\/\/taaqui.org\/blog\/","logo":{"@type":"ImageObject","inLanguage":"pt-BR","@id":"https:\/\/taaqui.org\/blog\/#\/schema\/logo\/image\/","url":"https:\/\/taaqui.org\/blog\/wp-content\/uploads\/2022\/10\/taaqui.svg","contentUrl":"https:\/\/taaqui.org\/blog\/wp-content\/uploads\/2022\/10\/taaqui.svg","width":1122,"height":288,"caption":"Blog Taaqui"},"image":{"@id":"https:\/\/taaqui.org\/blog\/#\/schema\/logo\/image\/"}},{"@type":"Person","@id":"https:\/\/taaqui.org\/blog\/#\/schema\/person\/3f256b171305da2f8c5e5b91e70bc0d3","name":"taaquior","image":{"@type":"ImageObject","inLanguage":"pt-BR","@id":"https:\/\/secure.gravatar.com\/avatar\/?s=96&d=mm&r=g","url":"https:\/\/secure.gravatar.com\/avatar\/?s=96&d=mm&r=g","contentUrl":"https:\/\/secure.gravatar.com\/avatar\/?s=96&d=mm&r=g","caption":"taaquior"},"url":"https:\/\/taaqui.org\/blog\/author\/taaquior\/"}]}},"_links":{"self":[{"href":"https:\/\/taaqui.org\/blog\/wp-json\/wp\/v2\/posts\/2886","targetHints":{"allow":["GET"]}}],"collection":[{"href":"https:\/\/taaqui.org\/blog\/wp-json\/wp\/v2\/posts"}],"about":[{"href":"https:\/\/taaqui.org\/blog\/wp-json\/wp\/v2\/types\/post"}],"author":[{"embeddable":true,"href":"https:\/\/taaqui.org\/blog\/wp-json\/wp\/v2\/users\/2"}],"replies":[{"embeddable":true,"href":"https:\/\/taaqui.org\/blog\/wp-json\/wp\/v2\/comments?post=2886"}],"version-history":[{"count":0,"href":"https:\/\/taaqui.org\/blog\/wp-json\/wp\/v2\/posts\/2886\/revisions"}],"wp:featuredmedia":[{"embeddable":true,"href":"https:\/\/taaqui.org\/blog\/wp-json\/wp\/v2\/media\/2887"}],"wp:attachment":[{"href":"https:\/\/taaqui.org\/blog\/wp-json\/wp\/v2\/media?parent=2886"}],"wp:term":[{"taxonomy":"category","embeddable":true,"href":"https:\/\/taaqui.org\/blog\/wp-json\/wp\/v2\/categories?post=2886"},{"taxonomy":"post_tag","embeddable":true,"href":"https:\/\/taaqui.org\/blog\/wp-json\/wp\/v2\/tags?post=2886"}],"curies":[{"name":"wp","href":"https:\/\/api.w.org\/{rel}","templated":true}]}}