{"id":2641,"date":"2018-08-15T15:07:56","date_gmt":"2018-08-15T15:07:56","guid":{"rendered":"https:\/\/taaqui.org\/?p=2641"},"modified":"2018-08-15T15:07:56","modified_gmt":"2018-08-15T15:07:56","slug":"15-de-agosto-dia-da-informatica","status":"publish","type":"post","link":"https:\/\/taaqui.org\/blog\/15-de-agosto-dia-da-informatica\/","title":{"rendered":"15 de Agosto &#8211; Dia da Inform\u00e1tica"},"content":{"rendered":"<p>Voc\u00ea sabia que anualmente o Dia de Inform\u00e1tica \u00e9 comemorado no dia 15 de Agosto? N\u00e3o?<br \/>\nConhe\u00e7a um pouco os motivos desta data te sido marcada como o dia da inform\u00e1tica.<\/p>\n<h2>Origem do Dia da Inform\u00e1tica:<\/h2>\n<p>A exatamente\u00a072 anos atr\u00e1s em 1946, surgiu o <strong>ENIAC (Electrical Numerical Integrator and Computer)<\/strong>, em portugu\u00eas\u00a0Computador Integrador Num\u00e9rico Eletr\u00f4nico, foi o\u00a0primeiro\u00a0computador\u00a0digital\u00a0eletr\u00f4nico\u00a0de grande escala.<\/p>\n<p><img loading=\"lazy\" decoding=\"async\" class=\"size-medium wp-image-2642 alignright\" src=\"https:\/\/taaqui.org\/wp-content\/uploads\/2018\/08\/presper-eckert-and-john-mauchly-300x225.jpg\" alt=\"\" width=\"300\" height=\"225\" srcset=\"https:\/\/taaqui.org\/blog\/wp-content\/uploads\/2018\/08\/presper-eckert-and-john-mauchly-300x225.jpg 300w, https:\/\/taaqui.org\/blog\/wp-content\/uploads\/2018\/08\/presper-eckert-and-john-mauchly.jpg 500w\" sizes=\"auto, (max-width: 300px) 100vw, 300px\" \/><\/p>\n<p>Criado por dois cientistas note-americanos, ambos da Universidade da Pensilv\u00e2nia na cidade de Filad\u00e9lfia, chamados de\u00a0John Eckert e John Mauchly. \ud83e\udd17\ud83d\udc4f\ud83d\udc4f\ud83d\ude4c\ud83d\ude4c (ambos na foto ao lado direito, retirada do site\u00a0ComputingHistory)<\/p>\n<p>A ideia do computador era efetuar c\u00e1lculos bal\u00edsticos para utiliza\u00e7\u00e3o do Ex\u00e9rcito dos Estados Unidos, na \u00e9poca envolvidos com a Segunda Gerra Mundial, nesta \u00e9poca o ENIAC ganhou o apelido de o &#8220;c\u00e9rebro gigante&#8221; pelo n\u00edvel tecnol\u00f3gico inimagin\u00e1vel que funcionava a uma velocidade mil vezes superior aos maquin\u00e1rios da \u00e9poca.<\/p>\n<p>O ENIAC era t\u00e3o grande em tamanho que precisava de praticamente uma sala inteira para que ele fosse instalado, pesava cerca de 30 toneladas e ocupava uma \u00e1rea de 180m\u00b2. Foram gastos cerca de 500 mil d\u00f3lares pela sua constru\u00e7\u00e3o, apesar de ser exposto em 1946 ele apenas foi acionado pela primeira vez em 1947, um ano ap\u00f3s a cria\u00e7\u00e3o.<\/p>\n<p>Ent\u00e3o hoje comemoramos 72 anos da ENIAC o primeiro computador digital eletr\u00f4nico, data que celebra a grande import\u00e2ncia da inform\u00e1tica e dos seus profissionais, que trouxeram v\u00e1rios benef\u00edcios, facilidade e comunica\u00e7\u00e3o de diversas pessoas em diversos pa\u00edses em toda humanidade.<\/p>\n<p>\ud83d\udc4f\ud83d\udc4f\ud83d\udc4f\ud83d\udc4f\ud83d\udc4f\ud83d\udc4f\ud83d\udc4f\ud83d\udc4f<\/p>\n<p>Gostou? Comente, d\u00ea seu feedback!<br \/>\nUm grande abra\u00e7o.<\/p>\n","protected":false},"excerpt":{"rendered":"<p>Voc\u00ea sabia que anualmente o Dia de Inform\u00e1tica \u00e9 comemorado no dia 15 de Agosto? N\u00e3o? Conhe\u00e7a um pouco os [&hellip;]<\/p>\n","protected":false},"author":2,"featured_media":2644,"comment_status":"open","ping_status":"open","sticky":false,"template":"","format":"standard","meta":{"footnotes":"","_rishi_post_view_count":1077,"multiple_authors":[],"quick_summary":"","sticky_promo_single":[]},"categories":[333,348],"tags":[347],"class_list":["post-2641","post","type-post","status-publish","format-standard","has-post-thumbnail","hentry","category-blog","category-tecnologia","tag-dia-da-informatica","rishi-post"],"rishi__cb_customizer_meta":"","comments_count":"0","yoast_head":"<!-- This site is optimized with the Yoast SEO plugin v27.5 - https:\/\/yoast.com\/product\/yoast-seo-wordpress\/ -->\n<title>15 de Agosto - Dia da Inform\u00e1tica<\/title>\n<meta name=\"description\" content=\"Voc\u00ea sabia que anualmente o Dia de Inform\u00e1tica \u00e9 comemorado no dia 15 de Agosto? N\u00e3o? Conhe\u00e7a um pouco os motivos d\u00ea ser o dia da inform\u00e1tica.\" \/>\n<meta name=\"robots\" content=\"index, follow, max-snippet:-1, max-image-preview:large, max-video-preview:-1\" \/>\n<link rel=\"canonical\" href=\"https:\/\/taaqui.org\/blog\/15-de-agosto-dia-da-informatica\/\" \/>\n<meta property=\"og:locale\" content=\"pt_BR\" \/>\n<meta property=\"og:type\" content=\"article\" \/>\n<meta property=\"og:title\" content=\"15 de Agosto - Dia da Inform\u00e1tica\" \/>\n<meta property=\"og:description\" content=\"Voc\u00ea sabia que anualmente o Dia de Inform\u00e1tica \u00e9 comemorado no dia 15 de Agosto? N\u00e3o? Conhe\u00e7a um pouco os motivos d\u00ea ser o dia da inform\u00e1tica.\" \/>\n<meta property=\"og:url\" content=\"https:\/\/taaqui.org\/blog\/15-de-agosto-dia-da-informatica\/\" \/>\n<meta property=\"og:site_name\" content=\"Blog Taaqui\" \/>\n<meta property=\"article:published_time\" content=\"2018-08-15T15:07:56+00:00\" \/>\n<meta property=\"og:image\" content=\"https:\/\/taaqui.org\/blog\/wp-content\/uploads\/2018\/08\/dia-da-informatica.png\" \/>\n\t<meta property=\"og:image:width\" content=\"720\" \/>\n\t<meta property=\"og:image:height\" content=\"720\" \/>\n\t<meta property=\"og:image:type\" content=\"image\/png\" \/>\n<meta name=\"author\" content=\"taaquior\" \/>\n<meta name=\"twitter:card\" content=\"summary_large_image\" \/>\n<meta name=\"twitter:label1\" content=\"Escrito por\" \/>\n\t<meta name=\"twitter:data1\" content=\"taaquior\" \/>\n\t<meta name=\"twitter:label2\" content=\"Est. tempo de leitura\" \/>\n\t<meta name=\"twitter:data2\" content=\"1 minuto\" \/>\n<script type=\"application\/ld+json\" class=\"yoast-schema-graph\">{\"@context\":\"https:\\\/\\\/schema.org\",\"@graph\":[{\"@type\":\"Article\",\"@id\":\"https:\\\/\\\/taaqui.org\\\/blog\\\/15-de-agosto-dia-da-informatica\\\/#article\",\"isPartOf\":{\"@id\":\"https:\\\/\\\/taaqui.org\\\/blog\\\/15-de-agosto-dia-da-informatica\\\/\"},\"author\":{\"name\":\"taaquior\",\"@id\":\"https:\\\/\\\/taaqui.org\\\/blog\\\/#\\\/schema\\\/person\\\/3f256b171305da2f8c5e5b91e70bc0d3\"},\"headline\":\"15 de Agosto &#8211; Dia da Inform\u00e1tica\",\"datePublished\":\"2018-08-15T15:07:56+00:00\",\"mainEntityOfPage\":{\"@id\":\"https:\\\/\\\/taaqui.org\\\/blog\\\/15-de-agosto-dia-da-informatica\\\/\"},\"wordCount\":288,\"commentCount\":0,\"publisher\":{\"@id\":\"https:\\\/\\\/taaqui.org\\\/blog\\\/#organization\"},\"image\":{\"@id\":\"https:\\\/\\\/taaqui.org\\\/blog\\\/15-de-agosto-dia-da-informatica\\\/#primaryimage\"},\"thumbnailUrl\":\"https:\\\/\\\/taaqui.org\\\/blog\\\/wp-content\\\/uploads\\\/2018\\\/08\\\/dia-da-informatica.png\",\"keywords\":[\"dia da inform\u00e1tica\"],\"articleSection\":[\"blog\",\"Tecnologia\"],\"inLanguage\":\"pt-BR\",\"potentialAction\":[{\"@type\":\"CommentAction\",\"name\":\"Comment\",\"target\":[\"https:\\\/\\\/taaqui.org\\\/blog\\\/15-de-agosto-dia-da-informatica\\\/#respond\"]}]},{\"@type\":\"WebPage\",\"@id\":\"https:\\\/\\\/taaqui.org\\\/blog\\\/15-de-agosto-dia-da-informatica\\\/\",\"url\":\"https:\\\/\\\/taaqui.org\\\/blog\\\/15-de-agosto-dia-da-informatica\\\/\",\"name\":\"15 de Agosto - Dia da Inform\u00e1tica\",\"isPartOf\":{\"@id\":\"https:\\\/\\\/taaqui.org\\\/blog\\\/#website\"},\"primaryImageOfPage\":{\"@id\":\"https:\\\/\\\/taaqui.org\\\/blog\\\/15-de-agosto-dia-da-informatica\\\/#primaryimage\"},\"image\":{\"@id\":\"https:\\\/\\\/taaqui.org\\\/blog\\\/15-de-agosto-dia-da-informatica\\\/#primaryimage\"},\"thumbnailUrl\":\"https:\\\/\\\/taaqui.org\\\/blog\\\/wp-content\\\/uploads\\\/2018\\\/08\\\/dia-da-informatica.png\",\"datePublished\":\"2018-08-15T15:07:56+00:00\",\"description\":\"Voc\u00ea sabia que anualmente o Dia de Inform\u00e1tica \u00e9 comemorado no dia 15 de Agosto? N\u00e3o? Conhe\u00e7a um pouco os motivos d\u00ea ser o dia da inform\u00e1tica.\",\"breadcrumb\":{\"@id\":\"https:\\\/\\\/taaqui.org\\\/blog\\\/15-de-agosto-dia-da-informatica\\\/#breadcrumb\"},\"inLanguage\":\"pt-BR\",\"potentialAction\":[{\"@type\":\"ReadAction\",\"target\":[\"https:\\\/\\\/taaqui.org\\\/blog\\\/15-de-agosto-dia-da-informatica\\\/\"]}]},{\"@type\":\"ImageObject\",\"inLanguage\":\"pt-BR\",\"@id\":\"https:\\\/\\\/taaqui.org\\\/blog\\\/15-de-agosto-dia-da-informatica\\\/#primaryimage\",\"url\":\"https:\\\/\\\/taaqui.org\\\/blog\\\/wp-content\\\/uploads\\\/2018\\\/08\\\/dia-da-informatica.png\",\"contentUrl\":\"https:\\\/\\\/taaqui.org\\\/blog\\\/wp-content\\\/uploads\\\/2018\\\/08\\\/dia-da-informatica.png\",\"width\":720,\"height\":720},{\"@type\":\"BreadcrumbList\",\"@id\":\"https:\\\/\\\/taaqui.org\\\/blog\\\/15-de-agosto-dia-da-informatica\\\/#breadcrumb\",\"itemListElement\":[{\"@type\":\"ListItem\",\"position\":1,\"name\":\"In\u00edcio\",\"item\":\"https:\\\/\\\/taaqui.org\\\/blog\\\/\"},{\"@type\":\"ListItem\",\"position\":2,\"name\":\"15 de Agosto &#8211; Dia da Inform\u00e1tica\"}]},{\"@type\":\"WebSite\",\"@id\":\"https:\\\/\\\/taaqui.org\\\/blog\\\/#website\",\"url\":\"https:\\\/\\\/taaqui.org\\\/blog\\\/\",\"name\":\"Blog Taaqui\",\"description\":\"Aprenda como criar sua webr\u00e1dio completa\",\"publisher\":{\"@id\":\"https:\\\/\\\/taaqui.org\\\/blog\\\/#organization\"},\"potentialAction\":[{\"@type\":\"SearchAction\",\"target\":{\"@type\":\"EntryPoint\",\"urlTemplate\":\"https:\\\/\\\/taaqui.org\\\/blog\\\/?s={search_term_string}\"},\"query-input\":{\"@type\":\"PropertyValueSpecification\",\"valueRequired\":true,\"valueName\":\"search_term_string\"}}],\"inLanguage\":\"pt-BR\"},{\"@type\":\"Organization\",\"@id\":\"https:\\\/\\\/taaqui.org\\\/blog\\\/#organization\",\"name\":\"Blog Taaqui\",\"url\":\"https:\\\/\\\/taaqui.org\\\/blog\\\/\",\"logo\":{\"@type\":\"ImageObject\",\"inLanguage\":\"pt-BR\",\"@id\":\"https:\\\/\\\/taaqui.org\\\/blog\\\/#\\\/schema\\\/logo\\\/image\\\/\",\"url\":\"https:\\\/\\\/taaqui.org\\\/blog\\\/wp-content\\\/uploads\\\/2022\\\/10\\\/taaqui.svg\",\"contentUrl\":\"https:\\\/\\\/taaqui.org\\\/blog\\\/wp-content\\\/uploads\\\/2022\\\/10\\\/taaqui.svg\",\"width\":1122,\"height\":288,\"caption\":\"Blog Taaqui\"},\"image\":{\"@id\":\"https:\\\/\\\/taaqui.org\\\/blog\\\/#\\\/schema\\\/logo\\\/image\\\/\"}},{\"@type\":\"Person\",\"@id\":\"https:\\\/\\\/taaqui.org\\\/blog\\\/#\\\/schema\\\/person\\\/3f256b171305da2f8c5e5b91e70bc0d3\",\"name\":\"taaquior\",\"image\":{\"@type\":\"ImageObject\",\"inLanguage\":\"pt-BR\",\"@id\":\"https:\\\/\\\/secure.gravatar.com\\\/avatar\\\/?s=96&d=mm&r=g\",\"url\":\"https:\\\/\\\/secure.gravatar.com\\\/avatar\\\/?s=96&d=mm&r=g\",\"contentUrl\":\"https:\\\/\\\/secure.gravatar.com\\\/avatar\\\/?s=96&d=mm&r=g\",\"caption\":\"taaquior\"},\"url\":\"https:\\\/\\\/taaqui.org\\\/blog\\\/author\\\/taaquior\\\/\"}]}<\/script>\n<!-- \/ Yoast SEO plugin. -->","yoast_head_json":{"title":"15 de Agosto - Dia da Inform\u00e1tica","description":"Voc\u00ea sabia que anualmente o Dia de Inform\u00e1tica \u00e9 comemorado no dia 15 de Agosto? N\u00e3o? Conhe\u00e7a um pouco os motivos d\u00ea ser o dia da inform\u00e1tica.","robots":{"index":"index","follow":"follow","max-snippet":"max-snippet:-1","max-image-preview":"max-image-preview:large","max-video-preview":"max-video-preview:-1"},"canonical":"https:\/\/taaqui.org\/blog\/15-de-agosto-dia-da-informatica\/","og_locale":"pt_BR","og_type":"article","og_title":"15 de Agosto - Dia da Inform\u00e1tica","og_description":"Voc\u00ea sabia que anualmente o Dia de Inform\u00e1tica \u00e9 comemorado no dia 15 de Agosto? N\u00e3o? Conhe\u00e7a um pouco os motivos d\u00ea ser o dia da inform\u00e1tica.","og_url":"https:\/\/taaqui.org\/blog\/15-de-agosto-dia-da-informatica\/","og_site_name":"Blog Taaqui","article_published_time":"2018-08-15T15:07:56+00:00","og_image":[{"width":720,"height":720,"url":"https:\/\/taaqui.org\/blog\/wp-content\/uploads\/2018\/08\/dia-da-informatica.png","type":"image\/png"}],"author":"taaquior","twitter_card":"summary_large_image","twitter_misc":{"Escrito por":"taaquior","Est. tempo de leitura":"1 minuto"},"schema":{"@context":"https:\/\/schema.org","@graph":[{"@type":"Article","@id":"https:\/\/taaqui.org\/blog\/15-de-agosto-dia-da-informatica\/#article","isPartOf":{"@id":"https:\/\/taaqui.org\/blog\/15-de-agosto-dia-da-informatica\/"},"author":{"name":"taaquior","@id":"https:\/\/taaqui.org\/blog\/#\/schema\/person\/3f256b171305da2f8c5e5b91e70bc0d3"},"headline":"15 de Agosto &#8211; Dia da Inform\u00e1tica","datePublished":"2018-08-15T15:07:56+00:00","mainEntityOfPage":{"@id":"https:\/\/taaqui.org\/blog\/15-de-agosto-dia-da-informatica\/"},"wordCount":288,"commentCount":0,"publisher":{"@id":"https:\/\/taaqui.org\/blog\/#organization"},"image":{"@id":"https:\/\/taaqui.org\/blog\/15-de-agosto-dia-da-informatica\/#primaryimage"},"thumbnailUrl":"https:\/\/taaqui.org\/blog\/wp-content\/uploads\/2018\/08\/dia-da-informatica.png","keywords":["dia da inform\u00e1tica"],"articleSection":["blog","Tecnologia"],"inLanguage":"pt-BR","potentialAction":[{"@type":"CommentAction","name":"Comment","target":["https:\/\/taaqui.org\/blog\/15-de-agosto-dia-da-informatica\/#respond"]}]},{"@type":"WebPage","@id":"https:\/\/taaqui.org\/blog\/15-de-agosto-dia-da-informatica\/","url":"https:\/\/taaqui.org\/blog\/15-de-agosto-dia-da-informatica\/","name":"15 de Agosto - Dia da Inform\u00e1tica","isPartOf":{"@id":"https:\/\/taaqui.org\/blog\/#website"},"primaryImageOfPage":{"@id":"https:\/\/taaqui.org\/blog\/15-de-agosto-dia-da-informatica\/#primaryimage"},"image":{"@id":"https:\/\/taaqui.org\/blog\/15-de-agosto-dia-da-informatica\/#primaryimage"},"thumbnailUrl":"https:\/\/taaqui.org\/blog\/wp-content\/uploads\/2018\/08\/dia-da-informatica.png","datePublished":"2018-08-15T15:07:56+00:00","description":"Voc\u00ea sabia que anualmente o Dia de Inform\u00e1tica \u00e9 comemorado no dia 15 de Agosto? N\u00e3o? Conhe\u00e7a um pouco os motivos d\u00ea ser o dia da inform\u00e1tica.","breadcrumb":{"@id":"https:\/\/taaqui.org\/blog\/15-de-agosto-dia-da-informatica\/#breadcrumb"},"inLanguage":"pt-BR","potentialAction":[{"@type":"ReadAction","target":["https:\/\/taaqui.org\/blog\/15-de-agosto-dia-da-informatica\/"]}]},{"@type":"ImageObject","inLanguage":"pt-BR","@id":"https:\/\/taaqui.org\/blog\/15-de-agosto-dia-da-informatica\/#primaryimage","url":"https:\/\/taaqui.org\/blog\/wp-content\/uploads\/2018\/08\/dia-da-informatica.png","contentUrl":"https:\/\/taaqui.org\/blog\/wp-content\/uploads\/2018\/08\/dia-da-informatica.png","width":720,"height":720},{"@type":"BreadcrumbList","@id":"https:\/\/taaqui.org\/blog\/15-de-agosto-dia-da-informatica\/#breadcrumb","itemListElement":[{"@type":"ListItem","position":1,"name":"In\u00edcio","item":"https:\/\/taaqui.org\/blog\/"},{"@type":"ListItem","position":2,"name":"15 de Agosto &#8211; Dia da Inform\u00e1tica"}]},{"@type":"WebSite","@id":"https:\/\/taaqui.org\/blog\/#website","url":"https:\/\/taaqui.org\/blog\/","name":"Blog Taaqui","description":"Aprenda como criar sua webr\u00e1dio completa","publisher":{"@id":"https:\/\/taaqui.org\/blog\/#organization"},"potentialAction":[{"@type":"SearchAction","target":{"@type":"EntryPoint","urlTemplate":"https:\/\/taaqui.org\/blog\/?s={search_term_string}"},"query-input":{"@type":"PropertyValueSpecification","valueRequired":true,"valueName":"search_term_string"}}],"inLanguage":"pt-BR"},{"@type":"Organization","@id":"https:\/\/taaqui.org\/blog\/#organization","name":"Blog Taaqui","url":"https:\/\/taaqui.org\/blog\/","logo":{"@type":"ImageObject","inLanguage":"pt-BR","@id":"https:\/\/taaqui.org\/blog\/#\/schema\/logo\/image\/","url":"https:\/\/taaqui.org\/blog\/wp-content\/uploads\/2022\/10\/taaqui.svg","contentUrl":"https:\/\/taaqui.org\/blog\/wp-content\/uploads\/2022\/10\/taaqui.svg","width":1122,"height":288,"caption":"Blog Taaqui"},"image":{"@id":"https:\/\/taaqui.org\/blog\/#\/schema\/logo\/image\/"}},{"@type":"Person","@id":"https:\/\/taaqui.org\/blog\/#\/schema\/person\/3f256b171305da2f8c5e5b91e70bc0d3","name":"taaquior","image":{"@type":"ImageObject","inLanguage":"pt-BR","@id":"https:\/\/secure.gravatar.com\/avatar\/?s=96&d=mm&r=g","url":"https:\/\/secure.gravatar.com\/avatar\/?s=96&d=mm&r=g","contentUrl":"https:\/\/secure.gravatar.com\/avatar\/?s=96&d=mm&r=g","caption":"taaquior"},"url":"https:\/\/taaqui.org\/blog\/author\/taaquior\/"}]}},"_links":{"self":[{"href":"https:\/\/taaqui.org\/blog\/wp-json\/wp\/v2\/posts\/2641","targetHints":{"allow":["GET"]}}],"collection":[{"href":"https:\/\/taaqui.org\/blog\/wp-json\/wp\/v2\/posts"}],"about":[{"href":"https:\/\/taaqui.org\/blog\/wp-json\/wp\/v2\/types\/post"}],"author":[{"embeddable":true,"href":"https:\/\/taaqui.org\/blog\/wp-json\/wp\/v2\/users\/2"}],"replies":[{"embeddable":true,"href":"https:\/\/taaqui.org\/blog\/wp-json\/wp\/v2\/comments?post=2641"}],"version-history":[{"count":0,"href":"https:\/\/taaqui.org\/blog\/wp-json\/wp\/v2\/posts\/2641\/revisions"}],"wp:featuredmedia":[{"embeddable":true,"href":"https:\/\/taaqui.org\/blog\/wp-json\/wp\/v2\/media\/2644"}],"wp:attachment":[{"href":"https:\/\/taaqui.org\/blog\/wp-json\/wp\/v2\/media?parent=2641"}],"wp:term":[{"taxonomy":"category","embeddable":true,"href":"https:\/\/taaqui.org\/blog\/wp-json\/wp\/v2\/categories?post=2641"},{"taxonomy":"post_tag","embeddable":true,"href":"https:\/\/taaqui.org\/blog\/wp-json\/wp\/v2\/tags?post=2641"}],"curies":[{"name":"wp","href":"https:\/\/api.w.org\/{rel}","templated":true}]}}